{"id":4716,"date":"2021-07-28T10:14:35","date_gmt":"2021-07-28T08:14:35","guid":{"rendered":"http:\/\/www.icr.rs\/m\/?p=4716"},"modified":"2021-07-28T10:15:42","modified_gmt":"2021-07-28T08:15:42","slug":"palyazati-felhivas-az-oklevelek-es-tudomanyos-fokozatok-honositasi-vagy-elismeresi-koltsegeinek-tamogatasara-4","status":"publish","type":"post","link":"http:\/\/www.icr.rs\/m\/2021\/07\/28\/palyazati-felhivas-az-oklevelek-es-tudomanyos-fokozatok-honositasi-vagy-elismeresi-koltsegeinek-tamogatasara-4\/","title":{"rendered":"P\u00e1ly\u00e1zati felh\u00edv\u00e1s az oklevelek \u00e9s tudom\u00e1nyos fokozatok honos\u00edt\u00e1si vagy elismer\u00e9si k\u00f6lts\u00e9geinek t\u00e1mogat\u00e1s\u00e1ra"},"content":{"rendered":"\n<p><strong>MAGYAR NEMZETI TAN\u00c1CS<\/strong><\/p>\n\n\n\n<p><strong>P\u00e1ly\u00e1zati felh\u00edv\u00e1s az oklevelek \u00e9s tudom\u00e1nyos fokozatok honos\u00edt\u00e1si vagy elismer\u00e9si k\u00f6lts\u00e9geinek t\u00e1mogat\u00e1s\u00e1ra<\/strong><\/p>\n\n\n\n<p>I. A P\u00c1LY\u00c1ZAT FELT\u00c9TELEI<br>A Magyar Nemzeti Tan\u00e1cs (a tov\u00e1bbiakban: Tan\u00e1cs) A Magyar Nemzeti Tan\u00e1cs oktat\u00e1sfejleszt\u00e9si strat\u00e9gi\u00e1ja 2016\u20132020 alapj\u00e1n t\u00e1mogat\u00e1st ny\u00fajt a k\u00fclf\u00f6ldi fels\u0151oktat\u00e1si int\u00e9zm\u00e9nyekben 2008. janu\u00e1r 1-je \u00f3ta szerzett:<br>\u2022 \u2022 f\u0151iskolai \u00e9s egyetemi oklevelek, tov\u00e1bb\u00e1<br>\u2022 \u2022 posztgradu\u00e1lis tudom\u00e1nyos fokozatok szerbiai honos\u00edt\u00e1s\u00e1ra vagy elismer\u00e9s\u00e9re.<\/p>\n\n\n\n<p>Az ut\u00f3finansz\u00edroz\u00e1s\u00fa t\u00e1mogat\u00e1s a f\u0151iskolai \u00e9s egyetemi oklevelek, valamint a posztgradu\u00e1lis tudom\u00e1nyos fokozatok m\u00e1r elv\u00e9gzett, illetve folyamatban l\u00e9v\u0151 szerbiai honos\u00edt\u00e1sa vagy elismer\u00e9se sor\u00e1n, Szerbia ter\u00fclet\u00e9n felmer\u00fclt t\u00e9nyleges \u2013 sz\u00e1ml\u00e1kkal, nyugt\u00e1kkal, befizet\u00e9si bizonylatokkal igazolhat\u00f3 \u2013 m\u00e1r kifizetett k\u00f6lts\u00e9gekre (ford\u00edt\u00e1s, elj\u00e1r\u00e1si d\u00edjak, illet\u00e9kek) vonatkozik. Kiv\u00e9telesen, amennyiben az elj\u00e1r\u00f3 szerv nem ig\u00e9nyli a dokumentumok ford\u00edt\u00e1s\u00e1t, a t\u00e1mogat\u00e1s vonatkozhat az egyes dokumentumok hiteles\u00edt\u00e9si k\u00f6lts\u00e9geire is.<\/p>\n\n\n\n<p>A p\u00e1ly\u00e1zatok bead\u00e1si ideje: 2021. j\u00falius 27. \u2013 2021. december 17.<\/p>\n\n\n\n<p>A p\u00e1ly\u00e1zaton a Szerbi\u00e1ban \u00e1lland\u00f3 lakc\u00edmmel rendelkez\u0151 magyar anyanyelv\u0171 szem\u00e9lyek vehetnek r\u00e9szt.<\/p>\n\n\n\n<p><a href=\"https:\/\/www.mnt.org.rs\/palyazati-felhivas-az-oklevelek-es-tudomanyos-fokozatok-honositasi-vagy-elismeresi-koltsegeinek-5\">https:\/\/www.mnt.org.rs\/palyazati-felhivas-az-oklevelek-es-tudomanyos-fokozatok-honositasi-vagy-elismeresi-koltsegeinek-5<\/a><\/p>\n\n\n\n<p><\/p>\n","protected":false},"excerpt":{"rendered":"<p>MAGYAR NEMZETI TAN\u00c1CS P\u00e1ly\u00e1zati felh\u00edv\u00e1s az oklevelek \u00e9s tudom\u00e1nyos fokozatok honos\u00edt\u00e1si vagy elismer\u00e9si k\u00f6lts\u00e9geinek t\u00e1mogat\u00e1s\u00e1ra I. A P\u00c1LY\u00c1ZAT FELT\u00c9TELEIA Magyar Nemzeti Tan\u00e1cs (a tov\u00e1bbiakban: Tan\u00e1cs) A Magyar Nemzeti Tan\u00e1cs oktat\u00e1sfejleszt\u00e9si strat\u00e9gi\u00e1ja 2016\u20132020 alapj\u00e1n t\u00e1mogat\u00e1st ny\u00fajt a k\u00fclf\u00f6ldi fels\u0151oktat\u00e1si int\u00e9zm\u00e9nyekben 2008. janu\u00e1r 1-je \u00f3ta szerzett:\u2022 \u2022 f\u0151iskolai \u00e9s egyetemi oklevelek, tov\u00e1bb\u00e1\u2022 \u2022 posztgradu\u00e1lis tudom\u00e1nyos fokozatok szerbiai [&hellip;]<\/p>\n","protected":false},"author":2,"featured_media":0,"comment_status":"closed","ping_status":"open","sticky":false,"template":"","format":"standard","meta":{"footnotes":""},"categories":[6],"tags":[151],"class_list":["post-4716","post","type-post","status-publish","format-standard","hentry","category-palyazatok","tag-magyar-nemzeti-tanacs"],"_links":{"self":[{"href":"http:\/\/www.icr.rs\/m\/wp-json\/wp\/v2\/posts\/4716","targetHints":{"allow":["GET"]}}],"collection":[{"href":"http:\/\/www.icr.rs\/m\/wp-json\/wp\/v2\/posts"}],"about":[{"href":"http:\/\/www.icr.rs\/m\/wp-json\/wp\/v2\/types\/post"}],"author":[{"embeddable":true,"href":"http:\/\/www.icr.rs\/m\/wp-json\/wp\/v2\/users\/2"}],"replies":[{"embeddable":true,"href":"http:\/\/www.icr.rs\/m\/wp-json\/wp\/v2\/comments?post=4716"}],"version-history":[{"count":2,"href":"http:\/\/www.icr.rs\/m\/wp-json\/wp\/v2\/posts\/4716\/revisions"}],"predecessor-version":[{"id":4719,"href":"http:\/\/www.icr.rs\/m\/wp-json\/wp\/v2\/posts\/4716\/revisions\/4719"}],"wp:attachment":[{"href":"http:\/\/www.icr.rs\/m\/wp-json\/wp\/v2\/media?parent=4716"}],"wp:term":[{"taxonomy":"category","embeddable":true,"href":"http:\/\/www.icr.rs\/m\/wp-json\/wp\/v2\/categories?post=4716"},{"taxonomy":"post_tag","embeddable":true,"href":"http:\/\/www.icr.rs\/m\/wp-json\/wp\/v2\/tags?post=4716"}],"curies":[{"name":"wp","href":"https:\/\/api.w.org\/{rel}","templated":true}]}}